{"id":19097,"date":"2022-01-16T16:32:41","date_gmt":"2022-01-16T16:32:41","guid":{"rendered":"https:\/\/fotokreis-siegen.de\/?p=19097"},"modified":"2022-01-16T16:32:43","modified_gmt":"2022-01-16T16:32:43","slug":"bdm-color-online-vom-14-januar","status":"publish","type":"post","link":"https:\/\/fotokreis-siegen.de\/?p=19097","title":{"rendered":"BdM Color (Online) vom 14. Januar"},"content":{"rendered":"\n<div class=\"wp-block-image\"><figure class=\"aligncenter size-large is-resized\"><img fetchpriority=\"high\" decoding=\"async\" src=\"http:\/\/fotokreis-siegen.de\/wp-content\/uploads\/2022\/01\/20220114-07-1022x1024.jpg\" alt=\"\" class=\"wp-image-19073\" width=\"511\" height=\"512\" srcset=\"https:\/\/fotokreis-siegen.de\/wp-content\/uploads\/2022\/01\/20220114-07-1022x1024.jpg 1022w, https:\/\/fotokreis-siegen.de\/wp-content\/uploads\/2022\/01\/20220114-07-300x300.jpg 300w, https:\/\/fotokreis-siegen.de\/wp-content\/uploads\/2022\/01\/20220114-07-150x150.jpg 150w, https:\/\/fotokreis-siegen.de\/wp-content\/uploads\/2022\/01\/20220114-07-768x769.jpg 768w, https:\/\/fotokreis-siegen.de\/wp-content\/uploads\/2022\/01\/20220114-07-830x832.jpg 830w, https:\/\/fotokreis-siegen.de\/wp-content\/uploads\/2022\/01\/20220114-07-230x230.jpg 230w, https:\/\/fotokreis-siegen.de\/wp-content\/uploads\/2022\/01\/20220114-07-350x351.jpg 350w, https:\/\/fotokreis-siegen.de\/wp-content\/uploads\/2022\/01\/20220114-07-480x481.jpg 480w, https:\/\/fotokreis-siegen.de\/wp-content\/uploads\/2022\/01\/20220114-07.jpg 1078w\" sizes=\"(max-width: 511px) 100vw, 511px\" \/><figcaption>Hermann Geppert &#8211; Spiel der Ballone<\/figcaption><\/figure><\/div>\n\n\n\n<p>Am 14. Januar haben wir unseren BdM Color als Online BdM durchgef\u00fchrt. Es nahmen acht Mitglieder mit ihren Bildwerken an dem Wettbewerb teil, was sehr erfreulich war. Abgestimmt haben neun Mitglieder. Am Abend des 14. Januar wurde dann noch eine Videokonferenz abgehalten an der sieben Mitglieder teilnahmen. Zuerst wurden Eindr\u00fccke von der Vernissage am Vorabend gesammelt. Nach einer einj\u00e4hrigen Pause aufgrund der Corona-Pandemie, k\u00f6nnen die Mitglieder des Fotokreises wieder ihre Werke dem breiten Publikum in der Galerie \u201eHaus Seel\u201c in Siegen zeigen. Danach ging es an die Besprechung der Ergebnisse des aktuellen BdM Color. Sieger des Wettbewerbs wurde Hermann Geppert mit dem Beitrag \u201eSpiel der Ballone\u201c. Herzlichen Gl\u00fcckwunsch!<\/p>\n\n\n\n<p>F\u00fcr den n\u00e4chsten Wettbewerb (BdM SchwarzWeiss), der wieder als Online BdM stattfindet, werden wieder alle Mitglieder per Rundmail informiert. Bei den Online BdM Einsendungen aber vor allem auch den Abstimmungen k\u00f6nnen selbstverst\u00e4ndlich alle unsere Mitglieder mitmachen.<\/p>\n","protected":false},"excerpt":{"rendered":"<p>Am 14. Januar haben wir unseren BdM Color als Online BdM durchgef\u00fchrt. Es nahmen acht Mitglieder mit ihren Bildwerken an dem Wettbewerb [&hellip;]<\/p>\n","protected":false},"author":2,"featured_media":0,"comment_status":"open","ping_status":"open","sticky":false,"template":"","format":"standard","meta":{"_jetpack_memberships_contains_paid_content":false,"footnotes":""},"categories":[10,3,26],"tags":[],"class_list":["post-19097","post","type-post","status-publish","format-standard","hentry","category-bdm-color","category-bild-des-monats","category-online-bdm"],"jetpack_featured_media_url":"","jetpack_sharing_enabled":true,"_links":{"self":[{"href":"https:\/\/fotokreis-siegen.de\/index.php?rest_route=\/wp\/v2\/posts\/19097","targetHints":{"allow":["GET"]}}],"collection":[{"href":"https:\/\/fotokreis-siegen.de\/index.php?rest_route=\/wp\/v2\/posts"}],"about":[{"href":"https:\/\/fotokreis-siegen.de\/index.php?rest_route=\/wp\/v2\/types\/post"}],"author":[{"embeddable":true,"href":"https:\/\/fotokreis-siegen.de\/index.php?rest_route=\/wp\/v2\/users\/2"}],"replies":[{"embeddable":true,"href":"https:\/\/fotokreis-siegen.de\/index.php?rest_route=%2Fwp%2Fv2%2Fcomments&post=19097"}],"version-history":[{"count":3,"href":"https:\/\/fotokreis-siegen.de\/index.php?rest_route=\/wp\/v2\/posts\/19097\/revisions"}],"predecessor-version":[{"id":19100,"href":"https:\/\/fotokreis-siegen.de\/index.php?rest_route=\/wp\/v2\/posts\/19097\/revisions\/19100"}],"wp:attachment":[{"href":"https:\/\/fotokreis-siegen.de\/index.php?rest_route=%2Fwp%2Fv2%2Fmedia&parent=19097"}],"wp:term":[{"taxonomy":"category","embeddable":true,"href":"https:\/\/fotokreis-siegen.de\/index.php?rest_route=%2Fwp%2Fv2%2Fcategories&post=19097"},{"taxonomy":"post_tag","embeddable":true,"href":"https:\/\/fotokreis-siegen.de\/index.php?rest_route=%2Fwp%2Fv2%2Ftags&post=19097"}],"curies":[{"name":"wp","href":"https:\/\/api.w.org\/{rel}","templated":true}]}}