{"id":18889,"date":"2021-11-08T21:41:41","date_gmt":"2021-11-08T21:41:41","guid":{"rendered":"https:\/\/fotokreis-siegen.de\/?p=18889"},"modified":"2021-11-08T21:41:43","modified_gmt":"2021-11-08T21:41:43","slug":"bdm-projektion-online-vom-05-november","status":"publish","type":"post","link":"https:\/\/fotokreis-siegen.de\/?p=18889","title":{"rendered":"BdM Projektion (Online) vom 05. November"},"content":{"rendered":"\n<div class=\"wp-block-image\"><figure class=\"aligncenter size-large is-resized\"><img fetchpriority=\"high\" decoding=\"async\" src=\"http:\/\/fotokreis-siegen.de\/wp-content\/uploads\/2021\/11\/20211105-13-1024x577.jpg\" alt=\"\" class=\"wp-image-18870\" width=\"768\" height=\"433\" srcset=\"https:\/\/fotokreis-siegen.de\/wp-content\/uploads\/2021\/11\/20211105-13-1024x577.jpg 1024w, https:\/\/fotokreis-siegen.de\/wp-content\/uploads\/2021\/11\/20211105-13-300x169.jpg 300w, https:\/\/fotokreis-siegen.de\/wp-content\/uploads\/2021\/11\/20211105-13-768x433.jpg 768w, https:\/\/fotokreis-siegen.de\/wp-content\/uploads\/2021\/11\/20211105-13-1536x865.jpg 1536w, https:\/\/fotokreis-siegen.de\/wp-content\/uploads\/2021\/11\/20211105-13-830x468.jpg 830w, https:\/\/fotokreis-siegen.de\/wp-content\/uploads\/2021\/11\/20211105-13-230x130.jpg 230w, https:\/\/fotokreis-siegen.de\/wp-content\/uploads\/2021\/11\/20211105-13-350x197.jpg 350w, https:\/\/fotokreis-siegen.de\/wp-content\/uploads\/2021\/11\/20211105-13-480x270.jpg 480w, https:\/\/fotokreis-siegen.de\/wp-content\/uploads\/2021\/11\/20211105-13.jpg 1917w\" sizes=\"(max-width: 768px) 100vw, 768px\" \/><figcaption>Peter Wolff \u2013 Si-Ost<\/figcaption><\/figure><\/div>\n\n\n\n<p>Am 05. November haben wir unseren BdM Projektion als Online BdM durchgef\u00fchrt. Die Beteiligung mit vierzehn Mitglieder war erfreulich gut. Abgestimmt haben zw\u00f6lf Mitglieder. Wegen der sehr hohen Qualit\u00e4t waren viele gute Beitr\u00e4ge am Ende nur im Mittelfeld zu finden, was einige Anwesenden erstaunt hat. Auch lagen viele Beitr\u00e4ge von den Bewertungen her sehr eng beieinander. Am Abend des 05. November wurde dann noch eine Videokonferenz abgehalten, an der elf Mitglieder teilnahmen, und die Ergebnisse besprochen. Sieger des Wettbewerbs wurde Peter Wolff mit dem Beitrag \u201eSi-Ost\u201c. Herzlichen Gl\u00fcckwunsch!<\/p>\n\n\n\n<p>Der n\u00e4chste Wettbewerb (BdM Color) findet wieder als Pr\u00e4senzveranstaltung (mit Papierbildern) in unserem Vereinsraum statt. Dazu sind alle Mitglieder f\u00fcr den kommenden Freitag um 20 Uhr sehr herzlich eingeladen. Zu beachten sind nat\u00fcrlich die aktuellen Corona Hygieneregeln bei Veranstaltungen in geschlossenen R\u00e4umen.<\/p>\n","protected":false},"excerpt":{"rendered":"<p>Am 05. November haben wir unseren BdM Projektion als Online BdM durchgef\u00fchrt. Die Beteiligung mit vierzehn Mitglieder war erfreulich gut. Abgestimmt haben [&hellip;]<\/p>\n","protected":false},"author":2,"featured_media":0,"comment_status":"open","ping_status":"open","sticky":false,"template":"","format":"standard","meta":{"_jetpack_memberships_contains_paid_content":false,"footnotes":""},"categories":[17,3,26],"tags":[],"class_list":["post-18889","post","type-post","status-publish","format-standard","hentry","category-bdm-projektion","category-bild-des-monats","category-online-bdm"],"jetpack_featured_media_url":"","jetpack_sharing_enabled":true,"_links":{"self":[{"href":"https:\/\/fotokreis-siegen.de\/index.php?rest_route=\/wp\/v2\/posts\/18889","targetHints":{"allow":["GET"]}}],"collection":[{"href":"https:\/\/fotokreis-siegen.de\/index.php?rest_route=\/wp\/v2\/posts"}],"about":[{"href":"https:\/\/fotokreis-siegen.de\/index.php?rest_route=\/wp\/v2\/types\/post"}],"author":[{"embeddable":true,"href":"https:\/\/fotokreis-siegen.de\/index.php?rest_route=\/wp\/v2\/users\/2"}],"replies":[{"embeddable":true,"href":"https:\/\/fotokreis-siegen.de\/index.php?rest_route=%2Fwp%2Fv2%2Fcomments&post=18889"}],"version-history":[{"count":4,"href":"https:\/\/fotokreis-siegen.de\/index.php?rest_route=\/wp\/v2\/posts\/18889\/revisions"}],"predecessor-version":[{"id":18893,"href":"https:\/\/fotokreis-siegen.de\/index.php?rest_route=\/wp\/v2\/posts\/18889\/revisions\/18893"}],"wp:attachment":[{"href":"https:\/\/fotokreis-siegen.de\/index.php?rest_route=%2Fwp%2Fv2%2Fmedia&parent=18889"}],"wp:term":[{"taxonomy":"category","embeddable":true,"href":"https:\/\/fotokreis-siegen.de\/index.php?rest_route=%2Fwp%2Fv2%2Fcategories&post=18889"},{"taxonomy":"post_tag","embeddable":true,"href":"https:\/\/fotokreis-siegen.de\/index.php?rest_route=%2Fwp%2Fv2%2Ftags&post=18889"}],"curies":[{"name":"wp","href":"https:\/\/api.w.org\/{rel}","templated":true}]}}