{"id":18781,"date":"2021-10-04T18:10:01","date_gmt":"2021-10-04T18:10:01","guid":{"rendered":"https:\/\/fotokreis-siegen.de\/?p=18781"},"modified":"2021-10-04T18:10:02","modified_gmt":"2021-10-04T18:10:02","slug":"bdm-projektion-online-vom-01-oktober","status":"publish","type":"post","link":"https:\/\/fotokreis-siegen.de\/?p=18781","title":{"rendered":"BdM Projektion (Online) vom 01. Oktober"},"content":{"rendered":"\n<figure class=\"wp-block-image size-large\"><img fetchpriority=\"high\" decoding=\"async\" width=\"1024\" height=\"609\" src=\"http:\/\/fotokreis-siegen.de\/wp-content\/uploads\/2021\/09\/20211001-09-1024x609.jpg\" alt=\"\" class=\"wp-image-18750\" srcset=\"https:\/\/fotokreis-siegen.de\/wp-content\/uploads\/2021\/09\/20211001-09-1024x609.jpg 1024w, https:\/\/fotokreis-siegen.de\/wp-content\/uploads\/2021\/09\/20211001-09-300x178.jpg 300w, https:\/\/fotokreis-siegen.de\/wp-content\/uploads\/2021\/09\/20211001-09-768x457.jpg 768w, https:\/\/fotokreis-siegen.de\/wp-content\/uploads\/2021\/09\/20211001-09-1536x913.jpg 1536w, https:\/\/fotokreis-siegen.de\/wp-content\/uploads\/2021\/09\/20211001-09-830x494.jpg 830w, https:\/\/fotokreis-siegen.de\/wp-content\/uploads\/2021\/09\/20211001-09-230x137.jpg 230w, https:\/\/fotokreis-siegen.de\/wp-content\/uploads\/2021\/09\/20211001-09-350x208.jpg 350w, https:\/\/fotokreis-siegen.de\/wp-content\/uploads\/2021\/09\/20211001-09-480x285.jpg 480w, https:\/\/fotokreis-siegen.de\/wp-content\/uploads\/2021\/09\/20211001-09.jpg 1816w\" sizes=\"(max-width: 1024px) 100vw, 1024px\" \/><figcaption>Kruno Schmidt (AFIAP EFIAP) &#8211; Tank-Stop<\/figcaption><\/figure>\n\n\n\n<p>Am 01. Oktober haben wir unseren BdM Projektion als Online BdM durchgef\u00fchrt. Die Beteiligung mit zehn Mitglieder war erfreulich gut. Abgestimmt haben leider acht Mitglieder. Am Abend des 01. Oktober wurde dann noch eine Videokonferenz abgehalten, an der acht Mitglieder teilnahmen, und die Ergebnisse besprochen. Sieger des Wettbewerbs wurde Kruno Schmidt mit dem Beitrag \u201eTank-Stop\u201c. Herzlichen Gl\u00fcckwunsch!<\/p>\n\n\n\n<p>Nach einer Neubewertung der Lage hat sich der Vorstand jetzt dazu entschlossen die beiden Papierwettbewerbe BdM Color und BdM SW probeweise als Pr\u00e4senzveranstaltungen im Oktober und November in unseren Vereinsraum durchzuf\u00fchren. Die Wettbewerbe BdM Projektion und BdM Thema werden weiter als Online BdM durchgef\u00fchrt.<\/p>\n\n\n\n<p>Der n\u00e4chste Wettbewerb (BdM Color) findet also zum ersten mal nach 18 Monaten wieder als Pr\u00e4senzveranstaltung in unserem Vereinsraum statt. Dazu sind alle Mitglieder f\u00fcr den kommenden Freitag um 20 Uhr sehr herzlich eingeladen. Zu beachten sind nat\u00fcrlich die aktuellen Corona Hygieneregeln bei Veranstaltungen in geschlossenen R\u00e4umen.<\/p>\n","protected":false},"excerpt":{"rendered":"<p>Am 01. Oktober haben wir unseren BdM Projektion als Online BdM durchgef\u00fchrt. Die Beteiligung mit zehn Mitglieder war erfreulich gut. Abgestimmt haben [&hellip;]<\/p>\n","protected":false},"author":2,"featured_media":0,"comment_status":"open","ping_status":"open","sticky":false,"template":"","format":"standard","meta":{"_jetpack_memberships_contains_paid_content":false,"footnotes":""},"categories":[17,3,26],"tags":[],"class_list":["post-18781","post","type-post","status-publish","format-standard","hentry","category-bdm-projektion","category-bild-des-monats","category-online-bdm"],"jetpack_featured_media_url":"","jetpack_sharing_enabled":true,"_links":{"self":[{"href":"https:\/\/fotokreis-siegen.de\/index.php?rest_route=\/wp\/v2\/posts\/18781","targetHints":{"allow":["GET"]}}],"collection":[{"href":"https:\/\/fotokreis-siegen.de\/index.php?rest_route=\/wp\/v2\/posts"}],"about":[{"href":"https:\/\/fotokreis-siegen.de\/index.php?rest_route=\/wp\/v2\/types\/post"}],"author":[{"embeddable":true,"href":"https:\/\/fotokreis-siegen.de\/index.php?rest_route=\/wp\/v2\/users\/2"}],"replies":[{"embeddable":true,"href":"https:\/\/fotokreis-siegen.de\/index.php?rest_route=%2Fwp%2Fv2%2Fcomments&post=18781"}],"version-history":[{"count":3,"href":"https:\/\/fotokreis-siegen.de\/index.php?rest_route=\/wp\/v2\/posts\/18781\/revisions"}],"predecessor-version":[{"id":18784,"href":"https:\/\/fotokreis-siegen.de\/index.php?rest_route=\/wp\/v2\/posts\/18781\/revisions\/18784"}],"wp:attachment":[{"href":"https:\/\/fotokreis-siegen.de\/index.php?rest_route=%2Fwp%2Fv2%2Fmedia&parent=18781"}],"wp:term":[{"taxonomy":"category","embeddable":true,"href":"https:\/\/fotokreis-siegen.de\/index.php?rest_route=%2Fwp%2Fv2%2Fcategories&post=18781"},{"taxonomy":"post_tag","embeddable":true,"href":"https:\/\/fotokreis-siegen.de\/index.php?rest_route=%2Fwp%2Fv2%2Ftags&post=18781"}],"curies":[{"name":"wp","href":"https:\/\/api.w.org\/{rel}","templated":true}]}}