{"id":1781,"date":"2020-05-31T10:03:10","date_gmt":"2020-05-31T10:03:10","guid":{"rendered":"http:\/\/fotokreis-siegen.de\/?p=1781"},"modified":"2020-06-13T14:32:47","modified_gmt":"2020-06-13T14:32:47","slug":"bdm-thema-schwarz-und-weiss-online-vom-29-mai","status":"publish","type":"post","link":"https:\/\/fotokreis-siegen.de\/?p=1781","title":{"rendered":"BDM Thema \u201eSchwarz und Weiss\u201c (Online) vom 29. Mai"},"content":{"rendered":"\n<div class=\"wp-block-image\"><figure class=\"aligncenter size-large\"><img fetchpriority=\"high\" decoding=\"async\" width=\"1024\" height=\"601\" src=\"http:\/\/fotokreis-siegen.de\/wp-content\/uploads\/2020\/05\/20200529-02-1024x601.jpg\" alt=\"\" class=\"wp-image-1756\" srcset=\"https:\/\/fotokreis-siegen.de\/wp-content\/uploads\/2020\/05\/20200529-02-1024x601.jpg 1024w, https:\/\/fotokreis-siegen.de\/wp-content\/uploads\/2020\/05\/20200529-02-300x176.jpg 300w, https:\/\/fotokreis-siegen.de\/wp-content\/uploads\/2020\/05\/20200529-02-768x451.jpg 768w, https:\/\/fotokreis-siegen.de\/wp-content\/uploads\/2020\/05\/20200529-02-1536x902.jpg 1536w, https:\/\/fotokreis-siegen.de\/wp-content\/uploads\/2020\/05\/20200529-02-830x487.jpg 830w, https:\/\/fotokreis-siegen.de\/wp-content\/uploads\/2020\/05\/20200529-02-230x135.jpg 230w, https:\/\/fotokreis-siegen.de\/wp-content\/uploads\/2020\/05\/20200529-02-350x205.jpg 350w, https:\/\/fotokreis-siegen.de\/wp-content\/uploads\/2020\/05\/20200529-02-480x282.jpg 480w, https:\/\/fotokreis-siegen.de\/wp-content\/uploads\/2020\/05\/20200529-02.jpg 1840w\" sizes=\"(max-width: 1024px) 100vw, 1024px\" \/><figcaption>Hermann Werner Schmidt &#8211; Belted Galloways<\/figcaption><\/figure><\/div>\n\n\n\n<p>Am 28. Mai haben wir unseren BDM Thema \u201eSchwarz und Weiss\u201c vom 29. Mai als Online BDM durchgef\u00fchrt. Am Abend des 29. Mai fand dann auch eine Videokonferenz mit der Bildbesprechung statt, an der 7 Mitglieder teilnahmen. Schon w\u00e4hrend der Bewertung gab es unterschiedliche Meinungen, was man unter \u201eSchwarz und Weiss\u201c verstehen soll. Der Vorstand hat daraufhin die Vorgaben nochmals klargestellt. Trotzdem gab es auch am Besprechungsabend unterschiedlich Ansichten zu dem Thema. Am Wettbewerb nahmen zehn Bildwerke teil und auch zehn Mitglieder nahmen an der Bewertung teil. Sieger des Wettbewerbs wurde Hermann Werner Schmidt mit dem Beitrag \u201eBelted Galloways\u201c. Herzlichen Gl\u00fcckwunsch!<\/p>\n\n\n\n<p>Die Bilder, die an dem Wettbewerb teilgenommenen haben, k\u00f6nnen auf der&nbsp;<a href=\"https:\/\/fotokreis-siegen.de\/?page_id=1411\">Ergebnisseite<\/a>&nbsp;bestaunt werden. F\u00fcr den n\u00e4chsten Wettbewerb werden wieder alle Mitglieder per Rundmail informiert. Bei den Online BDM Einsendungen aber vor allem auch den Abstimmungen k\u00f6nnen selbstverst\u00e4ndlich alle unsere Mitglieder mitmachen. Wir hoffen beim n\u00e4chsten Wettbewerb auf ein noch h\u00f6heres Echo.<\/p>\n","protected":false},"excerpt":{"rendered":"<p>Am 28. Mai haben wir unseren BDM Thema \u201eSchwarz und Weiss\u201c vom 29. Mai als Online BDM durchgef\u00fchrt. Am Abend des 29. [&hellip;]<\/p>\n","protected":false},"author":2,"featured_media":0,"comment_status":"open","ping_status":"open","sticky":false,"template":"","format":"standard","meta":{"_jetpack_memberships_contains_paid_content":false,"footnotes":""},"categories":[12,3,26],"tags":[],"class_list":["post-1781","post","type-post","status-publish","format-standard","hentry","category-bdm-thema","category-bild-des-monats","category-online-bdm"],"jetpack_featured_media_url":"","jetpack_sharing_enabled":true,"_links":{"self":[{"href":"https:\/\/fotokreis-siegen.de\/index.php?rest_route=\/wp\/v2\/posts\/1781","targetHints":{"allow":["GET"]}}],"collection":[{"href":"https:\/\/fotokreis-siegen.de\/index.php?rest_route=\/wp\/v2\/posts"}],"about":[{"href":"https:\/\/fotokreis-siegen.de\/index.php?rest_route=\/wp\/v2\/types\/post"}],"author":[{"embeddable":true,"href":"https:\/\/fotokreis-siegen.de\/index.php?rest_route=\/wp\/v2\/users\/2"}],"replies":[{"embeddable":true,"href":"https:\/\/fotokreis-siegen.de\/index.php?rest_route=%2Fwp%2Fv2%2Fcomments&post=1781"}],"version-history":[{"count":3,"href":"https:\/\/fotokreis-siegen.de\/index.php?rest_route=\/wp\/v2\/posts\/1781\/revisions"}],"predecessor-version":[{"id":1845,"href":"https:\/\/fotokreis-siegen.de\/index.php?rest_route=\/wp\/v2\/posts\/1781\/revisions\/1845"}],"wp:attachment":[{"href":"https:\/\/fotokreis-siegen.de\/index.php?rest_route=%2Fwp%2Fv2%2Fmedia&parent=1781"}],"wp:term":[{"taxonomy":"category","embeddable":true,"href":"https:\/\/fotokreis-siegen.de\/index.php?rest_route=%2Fwp%2Fv2%2Fcategories&post=1781"},{"taxonomy":"post_tag","embeddable":true,"href":"https:\/\/fotokreis-siegen.de\/index.php?rest_route=%2Fwp%2Fv2%2Ftags&post=1781"}],"curies":[{"name":"wp","href":"https:\/\/api.w.org\/{rel}","templated":true}]}}