{"id":1474,"date":"2020-04-14T20:51:56","date_gmt":"2020-04-14T20:51:56","guid":{"rendered":"http:\/\/fotokreis-siegen.de\/?p=1474"},"modified":"2020-04-14T20:51:57","modified_gmt":"2020-04-14T20:51:57","slug":"bdm-color-online-vom-08-april","status":"publish","type":"post","link":"https:\/\/fotokreis-siegen.de\/?p=1474","title":{"rendered":"BDM Color (Online) vom 08. April"},"content":{"rendered":"\n<div class=\"wp-block-image\"><figure class=\"aligncenter size-large is-resized\"><img fetchpriority=\"high\" decoding=\"async\" src=\"http:\/\/fotokreis-siegen.de\/wp-content\/uploads\/2020\/04\/Bild_7-1024x724.jpg\" alt=\"\" class=\"wp-image-1451\" width=\"512\" height=\"362\" srcset=\"https:\/\/fotokreis-siegen.de\/wp-content\/uploads\/2020\/04\/Bild_7-1024x724.jpg 1024w, https:\/\/fotokreis-siegen.de\/wp-content\/uploads\/2020\/04\/Bild_7-300x212.jpg 300w, https:\/\/fotokreis-siegen.de\/wp-content\/uploads\/2020\/04\/Bild_7-768x543.jpg 768w, https:\/\/fotokreis-siegen.de\/wp-content\/uploads\/2020\/04\/Bild_7-830x587.jpg 830w, https:\/\/fotokreis-siegen.de\/wp-content\/uploads\/2020\/04\/Bild_7-230x163.jpg 230w, https:\/\/fotokreis-siegen.de\/wp-content\/uploads\/2020\/04\/Bild_7-350x247.jpg 350w, https:\/\/fotokreis-siegen.de\/wp-content\/uploads\/2020\/04\/Bild_7-480x339.jpg 480w, https:\/\/fotokreis-siegen.de\/wp-content\/uploads\/2020\/04\/Bild_7.jpg 1528w\" sizes=\"(max-width: 512px) 100vw, 512px\" \/><figcaption>Kruno Schmidt (AFIAP) &#8211; Black Beach<\/figcaption><\/figure><\/div>\n\n\n\n<p>Am 8. April haben wir unseren BDM Color vom 20. M\u00e4rz als Online BDM nachgeholt. Die Beteiligung war mit dreizehn Bildwerken und dreizehn Mitgliedern, die bei der Bewertung mitgemacht haben, wieder einmal sehr gut. Erfreulich war auch dieses Mal die sehr hohe Qualit\u00e4t der Beitr\u00e4ge. Sieger des Wettbewerbs wurde Kruno Schmidt (AFIAP) mit dem Beitrag \u201eBlack Beach\u201c. Herzlichen Gl\u00fcckwunsch!<\/p>\n\n\n\n<p>Die Bilder, die an dem Wettbewerb teilgenommenen haben, k\u00f6nnen auf der Ergebnisseite bestaunt werden. F\u00fcr den n\u00e4chsten Wettbewerb werden wieder alle Mitglieder per Rundmail informiert und wir hoffen auf ein noch h\u00f6heres Echo. <\/p>\n\n\n\n<p><\/p>\n","protected":false},"excerpt":{"rendered":"<p>Am 8. April haben wir unseren BDM Color vom 20. M\u00e4rz als Online BDM nachgeholt. Die Beteiligung war mit dreizehn Bildwerken und [&hellip;]<\/p>\n","protected":false},"author":2,"featured_media":0,"comment_status":"open","ping_status":"open","sticky":false,"template":"","format":"standard","meta":{"_jetpack_memberships_contains_paid_content":false,"footnotes":""},"categories":[10,3,26],"tags":[],"class_list":["post-1474","post","type-post","status-publish","format-standard","hentry","category-bdm-color","category-bild-des-monats","category-online-bdm"],"jetpack_featured_media_url":"","jetpack_sharing_enabled":true,"_links":{"self":[{"href":"https:\/\/fotokreis-siegen.de\/index.php?rest_route=\/wp\/v2\/posts\/1474","targetHints":{"allow":["GET"]}}],"collection":[{"href":"https:\/\/fotokreis-siegen.de\/index.php?rest_route=\/wp\/v2\/posts"}],"about":[{"href":"https:\/\/fotokreis-siegen.de\/index.php?rest_route=\/wp\/v2\/types\/post"}],"author":[{"embeddable":true,"href":"https:\/\/fotokreis-siegen.de\/index.php?rest_route=\/wp\/v2\/users\/2"}],"replies":[{"embeddable":true,"href":"https:\/\/fotokreis-siegen.de\/index.php?rest_route=%2Fwp%2Fv2%2Fcomments&post=1474"}],"version-history":[{"count":4,"href":"https:\/\/fotokreis-siegen.de\/index.php?rest_route=\/wp\/v2\/posts\/1474\/revisions"}],"predecessor-version":[{"id":1479,"href":"https:\/\/fotokreis-siegen.de\/index.php?rest_route=\/wp\/v2\/posts\/1474\/revisions\/1479"}],"wp:attachment":[{"href":"https:\/\/fotokreis-siegen.de\/index.php?rest_route=%2Fwp%2Fv2%2Fmedia&parent=1474"}],"wp:term":[{"taxonomy":"category","embeddable":true,"href":"https:\/\/fotokreis-siegen.de\/index.php?rest_route=%2Fwp%2Fv2%2Fcategories&post=1474"},{"taxonomy":"post_tag","embeddable":true,"href":"https:\/\/fotokreis-siegen.de\/index.php?rest_route=%2Fwp%2Fv2%2Ftags&post=1474"}],"curies":[{"name":"wp","href":"https:\/\/api.w.org\/{rel}","templated":true}]}}