{"id":13934,"date":"2021-06-24T19:44:23","date_gmt":"2021-06-24T19:44:23","guid":{"rendered":"https:\/\/fotokreis-siegen.de\/?p=13934"},"modified":"2021-06-24T19:44:24","modified_gmt":"2021-06-24T19:44:24","slug":"bdm-schwarzweiss-online-vom-18-juni","status":"publish","type":"post","link":"https:\/\/fotokreis-siegen.de\/?p=13934","title":{"rendered":"BdM SchwarzWeiss (Online) vom 18. Juni"},"content":{"rendered":"\n<div class=\"wp-block-image\"><figure class=\"aligncenter size-large is-resized\"><img fetchpriority=\"high\" decoding=\"async\" src=\"http:\/\/fotokreis-siegen.de\/wp-content\/uploads\/2021\/06\/20210618-06-792x1024.jpg\" alt=\"\" class=\"wp-image-13331\" width=\"594\" height=\"768\" srcset=\"https:\/\/fotokreis-siegen.de\/wp-content\/uploads\/2021\/06\/20210618-06-792x1024.jpg 792w, https:\/\/fotokreis-siegen.de\/wp-content\/uploads\/2021\/06\/20210618-06-232x300.jpg 232w, https:\/\/fotokreis-siegen.de\/wp-content\/uploads\/2021\/06\/20210618-06-768x993.jpg 768w, https:\/\/fotokreis-siegen.de\/wp-content\/uploads\/2021\/06\/20210618-06-830x1073.jpg 830w, https:\/\/fotokreis-siegen.de\/wp-content\/uploads\/2021\/06\/20210618-06-230x297.jpg 230w, https:\/\/fotokreis-siegen.de\/wp-content\/uploads\/2021\/06\/20210618-06-350x452.jpg 350w, https:\/\/fotokreis-siegen.de\/wp-content\/uploads\/2021\/06\/20210618-06-480x620.jpg 480w, https:\/\/fotokreis-siegen.de\/wp-content\/uploads\/2021\/06\/20210618-06.jpg 1080w\" sizes=\"(max-width: 594px) 100vw, 594px\" \/><figcaption>Christian Feigs &#8211; Raindrops on Leaf<\/figcaption><\/figure><\/div>\n\n\n\n<p>Am 18. Juni haben wir unseren BdM SchwarzWeiss als Online BdM durchgef\u00fchrt. Die Beteiligung war mit nur acht Mitglieder mit ihren Bildwerken an dem Wettbewerb leider \u00fcberschaubar, abgestimmt haben ebenfalls acht Mitglieder. Am Abend des 18. Juni wurde dann noch eine Videokonferenz abgehalten und die Beitr\u00e4ge besprochen sowie die Ergebnisse verk\u00fcndet. Leider war auch hier die Beteiligung mit nur vier Mitgliedern nicht sehr gro\u00df, trotzdem hatten alle Beteiligten beim konstruktiven kommentieren &amp; kritisieren viel Spa\u00df. Sieger des Wettbewerbs wurde Christian Feigs mit dem Beitrag \u201eRaindrops on Leaf\u201c. Herzlichen Gl\u00fcckwunsch!<\/p>\n\n\n\n<p>F\u00fcr den n\u00e4chsten Wettbewerb (BdM Thema \u201eSerien &amp; Sequenzen\u201c), der am 25. Juni stattfindet und wieder als Online BdM abgehalten wird, werden wieder alle Mitglieder per Rundmail informiert. Bei den Online BdM Einsendungen aber vor allem auch den Abstimmungen k\u00f6nnen selbstverst\u00e4ndlich alle unsere Mitglieder mitmachen.<\/p>\n","protected":false},"excerpt":{"rendered":"<p>Am 18. Juni haben wir unseren BdM SchwarzWeiss als Online BdM durchgef\u00fchrt. Die Beteiligung war mit nur acht Mitglieder mit ihren Bildwerken [&hellip;]<\/p>\n","protected":false},"author":2,"featured_media":0,"comment_status":"open","ping_status":"open","sticky":false,"template":"","format":"standard","meta":{"_jetpack_memberships_contains_paid_content":false,"footnotes":""},"categories":[11,3,26],"tags":[],"class_list":["post-13934","post","type-post","status-publish","format-standard","hentry","category-bdm-sw","category-bild-des-monats","category-online-bdm"],"jetpack_featured_media_url":"","jetpack_sharing_enabled":true,"_links":{"self":[{"href":"https:\/\/fotokreis-siegen.de\/index.php?rest_route=\/wp\/v2\/posts\/13934","targetHints":{"allow":["GET"]}}],"collection":[{"href":"https:\/\/fotokreis-siegen.de\/index.php?rest_route=\/wp\/v2\/posts"}],"about":[{"href":"https:\/\/fotokreis-siegen.de\/index.php?rest_route=\/wp\/v2\/types\/post"}],"author":[{"embeddable":true,"href":"https:\/\/fotokreis-siegen.de\/index.php?rest_route=\/wp\/v2\/users\/2"}],"replies":[{"embeddable":true,"href":"https:\/\/fotokreis-siegen.de\/index.php?rest_route=%2Fwp%2Fv2%2Fcomments&post=13934"}],"version-history":[{"count":2,"href":"https:\/\/fotokreis-siegen.de\/index.php?rest_route=\/wp\/v2\/posts\/13934\/revisions"}],"predecessor-version":[{"id":13936,"href":"https:\/\/fotokreis-siegen.de\/index.php?rest_route=\/wp\/v2\/posts\/13934\/revisions\/13936"}],"wp:attachment":[{"href":"https:\/\/fotokreis-siegen.de\/index.php?rest_route=%2Fwp%2Fv2%2Fmedia&parent=13934"}],"wp:term":[{"taxonomy":"category","embeddable":true,"href":"https:\/\/fotokreis-siegen.de\/index.php?rest_route=%2Fwp%2Fv2%2Fcategories&post=13934"},{"taxonomy":"post_tag","embeddable":true,"href":"https:\/\/fotokreis-siegen.de\/index.php?rest_route=%2Fwp%2Fv2%2Ftags&post=13934"}],"curies":[{"name":"wp","href":"https:\/\/api.w.org\/{rel}","templated":true}]}}