{"id":1229,"date":"2020-01-19T19:55:44","date_gmt":"2020-01-19T19:55:44","guid":{"rendered":"http:\/\/fotokreis-siegen.de\/?p=1229"},"modified":"2020-01-19T19:55:45","modified_gmt":"2020-01-19T19:55:45","slug":"bdm-sw-vom-17-januar","status":"publish","type":"post","link":"https:\/\/fotokreis-siegen.de\/?p=1229","title":{"rendered":"BDM SW vom 17. Januar"},"content":{"rendered":"\n<div class=\"wp-block-image\"><figure class=\"aligncenter size-large is-resized\"><img fetchpriority=\"high\" decoding=\"async\" src=\"http:\/\/fotokreis-siegen.de\/wp-content\/uploads\/2020\/01\/Motorsport-1024x681.jpg\" alt=\"\" class=\"wp-image-1215\" width=\"768\" height=\"511\" srcset=\"https:\/\/fotokreis-siegen.de\/wp-content\/uploads\/2020\/01\/Motorsport-1024x681.jpg 1024w, https:\/\/fotokreis-siegen.de\/wp-content\/uploads\/2020\/01\/Motorsport-300x199.jpg 300w, https:\/\/fotokreis-siegen.de\/wp-content\/uploads\/2020\/01\/Motorsport-768x510.jpg 768w, https:\/\/fotokreis-siegen.de\/wp-content\/uploads\/2020\/01\/Motorsport-1536x1021.jpg 1536w, https:\/\/fotokreis-siegen.de\/wp-content\/uploads\/2020\/01\/Motorsport-830x552.jpg 830w, https:\/\/fotokreis-siegen.de\/wp-content\/uploads\/2020\/01\/Motorsport-230x153.jpg 230w, https:\/\/fotokreis-siegen.de\/wp-content\/uploads\/2020\/01\/Motorsport-350x233.jpg 350w, https:\/\/fotokreis-siegen.de\/wp-content\/uploads\/2020\/01\/Motorsport-480x319.jpg 480w, https:\/\/fotokreis-siegen.de\/wp-content\/uploads\/2020\/01\/Motorsport.jpg 2048w\" sizes=\"(max-width: 768px) 100vw, 768px\" \/><figcaption>Rainer Genehr &#8211; Motorsport<\/figcaption><\/figure><\/div>\n\n\n\n<p>Trotz viel Arbeit rund um die Fotoausstellung in dieser Woche, fanden immerhin neun Mitglieder den Weg zu unserem Vereinsraum, um die sechs SW Werke zu bewerten. Zuerst wurde ein Fazit zur Er\u00f6ffnung der Fotoausstellung gezogen, der sehr positiv ausfiel. Die Besucherzahl zur Vernissage ist gegen\u00fcber dem Vorjahren weiter gestiegen. Zu hoffen ist, dass die Besucherzahl insgesamt gegen\u00fcber den Vorjahren gehalten oder gar noch steigert werde kann, die Sonderschau \u201eIsland\u201c im Untergeschoss und die Sonderveranstaltung \u201eIsland\u201c am 06. Februar k\u00f6nnte dabei helfen. Danach ging es an die Bewertung der SchwarzWeiss Werke. Der Sieger des Abends wurde Beitrag von Rainer Genehr mit dem Titel \u201eMotorsport\u201c . Herzlichen Gl\u00fcckwunsch!<\/p>\n","protected":false},"excerpt":{"rendered":"<p>Trotz viel Arbeit rund um die Fotoausstellung in dieser Woche, fanden immerhin neun Mitglieder den Weg zu unserem Vereinsraum, um die sechs [&hellip;]<\/p>\n","protected":false},"author":2,"featured_media":0,"comment_status":"open","ping_status":"open","sticky":false,"template":"","format":"standard","meta":{"_jetpack_memberships_contains_paid_content":false,"footnotes":""},"categories":[11,3],"tags":[],"class_list":["post-1229","post","type-post","status-publish","format-standard","hentry","category-bdm-sw","category-bild-des-monats"],"jetpack_featured_media_url":"","jetpack_sharing_enabled":true,"_links":{"self":[{"href":"https:\/\/fotokreis-siegen.de\/index.php?rest_route=\/wp\/v2\/posts\/1229","targetHints":{"allow":["GET"]}}],"collection":[{"href":"https:\/\/fotokreis-siegen.de\/index.php?rest_route=\/wp\/v2\/posts"}],"about":[{"href":"https:\/\/fotokreis-siegen.de\/index.php?rest_route=\/wp\/v2\/types\/post"}],"author":[{"embeddable":true,"href":"https:\/\/fotokreis-siegen.de\/index.php?rest_route=\/wp\/v2\/users\/2"}],"replies":[{"embeddable":true,"href":"https:\/\/fotokreis-siegen.de\/index.php?rest_route=%2Fwp%2Fv2%2Fcomments&post=1229"}],"version-history":[{"count":5,"href":"https:\/\/fotokreis-siegen.de\/index.php?rest_route=\/wp\/v2\/posts\/1229\/revisions"}],"predecessor-version":[{"id":1234,"href":"https:\/\/fotokreis-siegen.de\/index.php?rest_route=\/wp\/v2\/posts\/1229\/revisions\/1234"}],"wp:attachment":[{"href":"https:\/\/fotokreis-siegen.de\/index.php?rest_route=%2Fwp%2Fv2%2Fmedia&parent=1229"}],"wp:term":[{"taxonomy":"category","embeddable":true,"href":"https:\/\/fotokreis-siegen.de\/index.php?rest_route=%2Fwp%2Fv2%2Fcategories&post=1229"},{"taxonomy":"post_tag","embeddable":true,"href":"https:\/\/fotokreis-siegen.de\/index.php?rest_route=%2Fwp%2Fv2%2Ftags&post=1229"}],"curies":[{"name":"wp","href":"https:\/\/api.w.org\/{rel}","templated":true}]}}