{"id":1221,"date":"2020-01-19T19:38:29","date_gmt":"2020-01-19T19:38:29","guid":{"rendered":"http:\/\/fotokreis-siegen.de\/?p=1221"},"modified":"2020-01-19T19:58:11","modified_gmt":"2020-01-19T19:58:11","slug":"vernissage-am-16-januar","status":"publish","type":"post","link":"https:\/\/fotokreis-siegen.de\/?p=1221","title":{"rendered":"Vernissage am 16. Januar"},"content":{"rendered":"\n<p>Mit gesch\u00e4tzten \u00fcber 120 Besuchern, war die diesj\u00e4hrige Er\u00f6ffnung der Jahresausstellung in der St\u00e4dtischen Galerie \u201eHaus Seel\u201c ein voller Erfolg. Neben den foto- und kunstinteressierten Publikum sah man auch einige bekannte Personen aus Politik bei der Veranstaltung. Die lokale Presse hat auch dazu im Vorfeld ausgiebig \u00fcber die Ausstellung berichtet. <\/p>\n\n\n\n<figure class=\"wp-block-image size-large\"><img fetchpriority=\"high\" decoding=\"async\" width=\"1024\" height=\"682\" src=\"http:\/\/fotokreis-siegen.de\/wp-content\/uploads\/2020\/01\/20200116_DSC9289_Bernhard_Bruesemeister-1024x682.jpg\" alt=\"\" class=\"wp-image-1225\" srcset=\"https:\/\/fotokreis-siegen.de\/wp-content\/uploads\/2020\/01\/20200116_DSC9289_Bernhard_Bruesemeister-1024x682.jpg 1024w, https:\/\/fotokreis-siegen.de\/wp-content\/uploads\/2020\/01\/20200116_DSC9289_Bernhard_Bruesemeister-300x200.jpg 300w, https:\/\/fotokreis-siegen.de\/wp-content\/uploads\/2020\/01\/20200116_DSC9289_Bernhard_Bruesemeister-768x512.jpg 768w, https:\/\/fotokreis-siegen.de\/wp-content\/uploads\/2020\/01\/20200116_DSC9289_Bernhard_Bruesemeister-1536x1024.jpg 1536w, https:\/\/fotokreis-siegen.de\/wp-content\/uploads\/2020\/01\/20200116_DSC9289_Bernhard_Bruesemeister-830x553.jpg 830w, https:\/\/fotokreis-siegen.de\/wp-content\/uploads\/2020\/01\/20200116_DSC9289_Bernhard_Bruesemeister-230x153.jpg 230w, https:\/\/fotokreis-siegen.de\/wp-content\/uploads\/2020\/01\/20200116_DSC9289_Bernhard_Bruesemeister-350x233.jpg 350w, https:\/\/fotokreis-siegen.de\/wp-content\/uploads\/2020\/01\/20200116_DSC9289_Bernhard_Bruesemeister-480x320.jpg 480w, https:\/\/fotokreis-siegen.de\/wp-content\/uploads\/2020\/01\/20200116_DSC9289_Bernhard_Bruesemeister.jpg 1772w\" sizes=\"(max-width: 1024px) 100vw, 1024px\" \/><\/figure>\n\n\n\n<p>Zuerst hielt Jens Kamieth, Mitglied des Landtags NRW, die Ansprache. Er hob die Qualit\u00e4t der gezeigten Werke sowie die schon sehr lange Tradition der Ausstellung in die St\u00e4dtische Galerie in seiner Rede hervor. Anschlie\u00dfend f\u00fchrte unser Mitglied Christian Scheerer die Anwesenden mit einer humorvollen Rede durch die Ausstellung und den beteiligten Fotografen des Fotokreises, auch immer mit dem Hinweis auf die Sonderausstellung \u201eIsland\u201c.<\/p>\n\n\n\n<figure class=\"wp-block-image size-large\"><img decoding=\"async\" width=\"1024\" height=\"682\" src=\"http:\/\/fotokreis-siegen.de\/wp-content\/uploads\/2020\/01\/20200116_DSC9290_Bernhard_Bruesemeister-1024x682.jpg\" alt=\"\" class=\"wp-image-1226\" srcset=\"https:\/\/fotokreis-siegen.de\/wp-content\/uploads\/2020\/01\/20200116_DSC9290_Bernhard_Bruesemeister-1024x682.jpg 1024w, https:\/\/fotokreis-siegen.de\/wp-content\/uploads\/2020\/01\/20200116_DSC9290_Bernhard_Bruesemeister-300x200.jpg 300w, https:\/\/fotokreis-siegen.de\/wp-content\/uploads\/2020\/01\/20200116_DSC9290_Bernhard_Bruesemeister-768x512.jpg 768w, https:\/\/fotokreis-siegen.de\/wp-content\/uploads\/2020\/01\/20200116_DSC9290_Bernhard_Bruesemeister-1536x1024.jpg 1536w, https:\/\/fotokreis-siegen.de\/wp-content\/uploads\/2020\/01\/20200116_DSC9290_Bernhard_Bruesemeister-830x553.jpg 830w, https:\/\/fotokreis-siegen.de\/wp-content\/uploads\/2020\/01\/20200116_DSC9290_Bernhard_Bruesemeister-230x153.jpg 230w, https:\/\/fotokreis-siegen.de\/wp-content\/uploads\/2020\/01\/20200116_DSC9290_Bernhard_Bruesemeister-350x233.jpg 350w, https:\/\/fotokreis-siegen.de\/wp-content\/uploads\/2020\/01\/20200116_DSC9290_Bernhard_Bruesemeister-480x320.jpg 480w, https:\/\/fotokreis-siegen.de\/wp-content\/uploads\/2020\/01\/20200116_DSC9290_Bernhard_Bruesemeister.jpg 1772w\" sizes=\"(max-width: 1024px) 100vw, 1024px\" \/><\/figure>\n\n\n\n<p>Ein herzliches Dank an die Besucher des Abends, aber nat\u00fcrlich auch an alle Helfern aus dem Fotokreis, die den Abend m\u00f6glich gemacht haben.<\/p>\n\n\n\n<p>Bilder: Bernhard Br\u00fcsemeister<\/p>\n","protected":false},"excerpt":{"rendered":"<p>Mit gesch\u00e4tzten \u00fcber 120 Besuchern, war die diesj\u00e4hrige Er\u00f6ffnung der Jahresausstellung in der St\u00e4dtischen Galerie \u201eHaus Seel\u201c ein voller Erfolg. Neben den [&hellip;]<\/p>\n","protected":false},"author":2,"featured_media":0,"comment_status":"open","ping_status":"open","sticky":false,"template":"","format":"standard","meta":{"_jetpack_memberships_contains_paid_content":false,"footnotes":""},"categories":[15,16],"tags":[],"class_list":["post-1221","post","type-post","status-publish","format-standard","hentry","category-ausstellung","category-veranstaltungen"],"jetpack_featured_media_url":"","jetpack_sharing_enabled":true,"_links":{"self":[{"href":"https:\/\/fotokreis-siegen.de\/index.php?rest_route=\/wp\/v2\/posts\/1221","targetHints":{"allow":["GET"]}}],"collection":[{"href":"https:\/\/fotokreis-siegen.de\/index.php?rest_route=\/wp\/v2\/posts"}],"about":[{"href":"https:\/\/fotokreis-siegen.de\/index.php?rest_route=\/wp\/v2\/types\/post"}],"author":[{"embeddable":true,"href":"https:\/\/fotokreis-siegen.de\/index.php?rest_route=\/wp\/v2\/users\/2"}],"replies":[{"embeddable":true,"href":"https:\/\/fotokreis-siegen.de\/index.php?rest_route=%2Fwp%2Fv2%2Fcomments&post=1221"}],"version-history":[{"count":4,"href":"https:\/\/fotokreis-siegen.de\/index.php?rest_route=\/wp\/v2\/posts\/1221\/revisions"}],"predecessor-version":[{"id":1235,"href":"https:\/\/fotokreis-siegen.de\/index.php?rest_route=\/wp\/v2\/posts\/1221\/revisions\/1235"}],"wp:attachment":[{"href":"https:\/\/fotokreis-siegen.de\/index.php?rest_route=%2Fwp%2Fv2%2Fmedia&parent=1221"}],"wp:term":[{"taxonomy":"category","embeddable":true,"href":"https:\/\/fotokreis-siegen.de\/index.php?rest_route=%2Fwp%2Fv2%2Fcategories&post=1221"},{"taxonomy":"post_tag","embeddable":true,"href":"https:\/\/fotokreis-siegen.de\/index.php?rest_route=%2Fwp%2Fv2%2Ftags&post=1221"}],"curies":[{"name":"wp","href":"https:\/\/api.w.org\/{rel}","templated":true}]}}