{"id":1205,"date":"2020-01-12T21:19:51","date_gmt":"2020-01-12T21:19:51","guid":{"rendered":"http:\/\/fotokreis-siegen.de\/?p=1205"},"modified":"2020-01-13T20:45:12","modified_gmt":"2020-01-13T20:45:12","slug":"einladung-zur-vernissage-der-mitgliederausstellung-haus-seel-2","status":"publish","type":"post","link":"https:\/\/fotokreis-siegen.de\/?p=1205","title":{"rendered":"Einladung zur Vernissage der Mitgliederausstellung \u201eHaus Seel\u201c"},"content":{"rendered":"\n<div class=\"wp-block-image\"><figure class=\"aligncenter size-large is-resized\"><img fetchpriority=\"high\" decoding=\"async\" src=\"http:\/\/fotokreis-siegen.de\/wp-content\/uploads\/2020\/01\/FKS_Plakat_2020.jpg\" alt=\"\" class=\"wp-image-1211\" width=\"339\" height=\"480\" srcset=\"https:\/\/fotokreis-siegen.de\/wp-content\/uploads\/2020\/01\/FKS_Plakat_2020.jpg 678w, https:\/\/fotokreis-siegen.de\/wp-content\/uploads\/2020\/01\/FKS_Plakat_2020-212x300.jpg 212w, https:\/\/fotokreis-siegen.de\/wp-content\/uploads\/2020\/01\/FKS_Plakat_2020-230x326.jpg 230w, https:\/\/fotokreis-siegen.de\/wp-content\/uploads\/2020\/01\/FKS_Plakat_2020-350x496.jpg 350w, https:\/\/fotokreis-siegen.de\/wp-content\/uploads\/2020\/01\/FKS_Plakat_2020-480x680.jpg 480w\" sizes=\"(max-width: 339px) 100vw, 339px\" \/><\/figure><\/div>\n\n\n\n<p>Am Donnerstag, den 16. Januar 2019 \u00f6ffnet die Jahresausstellung unserer Mitglieder in der st\u00e4dtischen Galerie&nbsp;\u201eHaus Seel\u201c in Siegen mit einer Vernissage ab 19 Uhr. Alle Interessierte sind dazu herzlich eingeladen. Achtzehn Mitglieder unseres Vereins zeigen fast 100 Bildwerke zu ganz unterschiedlichen Themen. Zus\u00e4tzlich findet in der unteren Etage eine Sonderausstellung \u201eIsland\u201c mit 20 Motiven, die die Sch\u00f6nheit und den Facettenreichtum dieser besonderen Insel zeigen. Zus\u00e4tzlich k\u00f6nnen im Schaufenster, wie schon im letzen Jahr, die erfolgreichsten Bilder aus internen Wettbewerben des letzten Jahres bewundert werden. Die Ausstellung ist bis zum 16. Februar 2019 dem Publikum zug\u00e4nglich. Der Eintritt ist frei. Ein Ausstellungskatalog kann gegen eine Schutzgeb\u00fchr w\u00e4hrend den \u00d6ffnungszeiten zus\u00e4tzlich erworben werden.<\/p>\n","protected":false},"excerpt":{"rendered":"<p>Am Donnerstag, den 16. Januar 2019 \u00f6ffnet die Jahresausstellung unserer Mitglieder in der st\u00e4dtischen Galerie&nbsp;\u201eHaus Seel\u201c in Siegen mit einer Vernissage ab [&hellip;]<\/p>\n","protected":false},"author":2,"featured_media":0,"comment_status":"open","ping_status":"open","sticky":false,"template":"","format":"standard","meta":{"_jetpack_memberships_contains_paid_content":false,"footnotes":""},"categories":[15,16,14],"tags":[],"class_list":["post-1205","post","type-post","status-publish","format-standard","hentry","category-ausstellung","category-veranstaltungen","category-verein"],"jetpack_featured_media_url":"","jetpack_sharing_enabled":true,"_links":{"self":[{"href":"https:\/\/fotokreis-siegen.de\/index.php?rest_route=\/wp\/v2\/posts\/1205","targetHints":{"allow":["GET"]}}],"collection":[{"href":"https:\/\/fotokreis-siegen.de\/index.php?rest_route=\/wp\/v2\/posts"}],"about":[{"href":"https:\/\/fotokreis-siegen.de\/index.php?rest_route=\/wp\/v2\/types\/post"}],"author":[{"embeddable":true,"href":"https:\/\/fotokreis-siegen.de\/index.php?rest_route=\/wp\/v2\/users\/2"}],"replies":[{"embeddable":true,"href":"https:\/\/fotokreis-siegen.de\/index.php?rest_route=%2Fwp%2Fv2%2Fcomments&post=1205"}],"version-history":[{"count":7,"href":"https:\/\/fotokreis-siegen.de\/index.php?rest_route=\/wp\/v2\/posts\/1205\/revisions"}],"predecessor-version":[{"id":1213,"href":"https:\/\/fotokreis-siegen.de\/index.php?rest_route=\/wp\/v2\/posts\/1205\/revisions\/1213"}],"wp:attachment":[{"href":"https:\/\/fotokreis-siegen.de\/index.php?rest_route=%2Fwp%2Fv2%2Fmedia&parent=1205"}],"wp:term":[{"taxonomy":"category","embeddable":true,"href":"https:\/\/fotokreis-siegen.de\/index.php?rest_route=%2Fwp%2Fv2%2Fcategories&post=1205"},{"taxonomy":"post_tag","embeddable":true,"href":"https:\/\/fotokreis-siegen.de\/index.php?rest_route=%2Fwp%2Fv2%2Ftags&post=1205"}],"curies":[{"name":"wp","href":"https:\/\/api.w.org\/{rel}","templated":true}]}}