{"id":1113,"date":"2019-12-20T19:58:33","date_gmt":"2019-12-20T19:58:33","guid":{"rendered":"http:\/\/fotokreis-siegen.de\/?p=1113"},"modified":"2019-12-20T19:59:24","modified_gmt":"2019-12-20T19:59:24","slug":"frohe-weihnachten-und-eine-guten-rutsch-2","status":"publish","type":"post","link":"https:\/\/fotokreis-siegen.de\/?p=1113","title":{"rendered":"Frohe Weihnachten und einen guten Rutsch!"},"content":{"rendered":"\n<p>Wir w\u00fcnschen allen Mitgliedern und deren Angeh\u00f6rigen eine besinnliche Weihnachtszeit und viel Erfolg im Neuen Jahr 2020!<\/p>\n\n\n\n<p>Unser n\u00e4chster BDM Abend (BDM Projektion) findet bereits am 03. Januar um 20 Uhr in unseren Vereinsr\u00e4umen statt.<\/p>\n","protected":false},"excerpt":{"rendered":"<p>Wir w\u00fcnschen allen Mitgliedern und deren Angeh\u00f6rigen eine besinnliche Weihnachtszeit und viel Erfolg im Neuen Jahr 2020! Unser n\u00e4chster BDM Abend (BDM [&hellip;]<\/p>\n","protected":false},"author":2,"featured_media":0,"comment_status":"open","ping_status":"open","sticky":false,"template":"","format":"standard","meta":{"_jetpack_memberships_contains_paid_content":false,"footnotes":""},"categories":[2,14],"tags":[],"class_list":["post-1113","post","type-post","status-publish","format-standard","hentry","category-allgemein","category-verein"],"jetpack_featured_media_url":"","jetpack_sharing_enabled":true,"_links":{"self":[{"href":"https:\/\/fotokreis-siegen.de\/index.php?rest_route=\/wp\/v2\/posts\/1113","targetHints":{"allow":["GET"]}}],"collection":[{"href":"https:\/\/fotokreis-siegen.de\/index.php?rest_route=\/wp\/v2\/posts"}],"about":[{"href":"https:\/\/fotokreis-siegen.de\/index.php?rest_route=\/wp\/v2\/types\/post"}],"author":[{"embeddable":true,"href":"https:\/\/fotokreis-siegen.de\/index.php?rest_route=\/wp\/v2\/users\/2"}],"replies":[{"embeddable":true,"href":"https:\/\/fotokreis-siegen.de\/index.php?rest_route=%2Fwp%2Fv2%2Fcomments&post=1113"}],"version-history":[{"count":3,"href":"https:\/\/fotokreis-siegen.de\/index.php?rest_route=\/wp\/v2\/posts\/1113\/revisions"}],"predecessor-version":[{"id":1116,"href":"https:\/\/fotokreis-siegen.de\/index.php?rest_route=\/wp\/v2\/posts\/1113\/revisions\/1116"}],"wp:attachment":[{"href":"https:\/\/fotokreis-siegen.de\/index.php?rest_route=%2Fwp%2Fv2%2Fmedia&parent=1113"}],"wp:term":[{"taxonomy":"category","embeddable":true,"href":"https:\/\/fotokreis-siegen.de\/index.php?rest_route=%2Fwp%2Fv2%2Fcategories&post=1113"},{"taxonomy":"post_tag","embeddable":true,"href":"https:\/\/fotokreis-siegen.de\/index.php?rest_route=%2Fwp%2Fv2%2Ftags&post=1113"}],"curies":[{"name":"wp","href":"https:\/\/api.w.org\/{rel}","templated":true}]}}