{"id":1077,"date":"2019-11-25T21:51:18","date_gmt":"2019-11-25T21:51:18","guid":{"rendered":"http:\/\/fotokreis-siegen.de\/?p=1077"},"modified":"2019-11-25T21:51:20","modified_gmt":"2019-11-25T21:51:20","slug":"bdm-sw-vom-22-november","status":"publish","type":"post","link":"https:\/\/fotokreis-siegen.de\/?p=1077","title":{"rendered":"BDM SW vom 22. November"},"content":{"rendered":"\n<figure class=\"wp-block-image\"><img fetchpriority=\"high\" decoding=\"async\" width=\"1024\" height=\"627\" src=\"http:\/\/fotokreis-siegen.de\/wp-content\/uploads\/2019\/11\/Fassaden-Bike-1024x627.jpg\" alt=\"\" class=\"wp-image-1071\" srcset=\"https:\/\/fotokreis-siegen.de\/wp-content\/uploads\/2019\/11\/Fassaden-Bike-1024x627.jpg 1024w, https:\/\/fotokreis-siegen.de\/wp-content\/uploads\/2019\/11\/Fassaden-Bike-300x184.jpg 300w, https:\/\/fotokreis-siegen.de\/wp-content\/uploads\/2019\/11\/Fassaden-Bike-768x470.jpg 768w, https:\/\/fotokreis-siegen.de\/wp-content\/uploads\/2019\/11\/Fassaden-Bike-1536x941.jpg 1536w, https:\/\/fotokreis-siegen.de\/wp-content\/uploads\/2019\/11\/Fassaden-Bike-830x508.jpg 830w, https:\/\/fotokreis-siegen.de\/wp-content\/uploads\/2019\/11\/Fassaden-Bike-230x141.jpg 230w, https:\/\/fotokreis-siegen.de\/wp-content\/uploads\/2019\/11\/Fassaden-Bike-350x214.jpg 350w, https:\/\/fotokreis-siegen.de\/wp-content\/uploads\/2019\/11\/Fassaden-Bike-480x294.jpg 480w, https:\/\/fotokreis-siegen.de\/wp-content\/uploads\/2019\/11\/Fassaden-Bike.jpg 1920w\" sizes=\"(max-width: 1024px) 100vw, 1024px\" \/><figcaption>Rainer Genehr &#8211; Fassaden-Bike<\/figcaption><\/figure>\n\n\n\n<p>Zum vorletzten BDM des Jahres 2019 fanden sich zw\u00f6lf Mitglieder in den  Vereinsr\u00e4umen ein. Zur Bewertung standen acht SchwarzWeiss Beitr\u00e4ge. An konstruktiver Kritik mangelte es an diesem Abend nicht. Auch bei der Punktvergabe ging es nochmals sehr eng zu. Der Sieger des Abends wurde mit einem kleinen Vorsprung der Beitrag von Rainer Genehr mit dem Titel \u201eFassaden-Bike\u201c. Herzlichen Gl\u00fcckwunsch!<\/p>\n","protected":false},"excerpt":{"rendered":"<p>Zum vorletzten BDM des Jahres 2019 fanden sich zw\u00f6lf Mitglieder in den Vereinsr\u00e4umen ein. Zur Bewertung standen acht SchwarzWeiss Beitr\u00e4ge. An konstruktiver [&hellip;]<\/p>\n","protected":false},"author":2,"featured_media":0,"comment_status":"open","ping_status":"open","sticky":false,"template":"","format":"standard","meta":{"_jetpack_memberships_contains_paid_content":false,"footnotes":""},"categories":[11,3],"tags":[],"class_list":["post-1077","post","type-post","status-publish","format-standard","hentry","category-bdm-sw","category-bild-des-monats"],"jetpack_featured_media_url":"","jetpack_sharing_enabled":true,"_links":{"self":[{"href":"https:\/\/fotokreis-siegen.de\/index.php?rest_route=\/wp\/v2\/posts\/1077","targetHints":{"allow":["GET"]}}],"collection":[{"href":"https:\/\/fotokreis-siegen.de\/index.php?rest_route=\/wp\/v2\/posts"}],"about":[{"href":"https:\/\/fotokreis-siegen.de\/index.php?rest_route=\/wp\/v2\/types\/post"}],"author":[{"embeddable":true,"href":"https:\/\/fotokreis-siegen.de\/index.php?rest_route=\/wp\/v2\/users\/2"}],"replies":[{"embeddable":true,"href":"https:\/\/fotokreis-siegen.de\/index.php?rest_route=%2Fwp%2Fv2%2Fcomments&post=1077"}],"version-history":[{"count":4,"href":"https:\/\/fotokreis-siegen.de\/index.php?rest_route=\/wp\/v2\/posts\/1077\/revisions"}],"predecessor-version":[{"id":1081,"href":"https:\/\/fotokreis-siegen.de\/index.php?rest_route=\/wp\/v2\/posts\/1077\/revisions\/1081"}],"wp:attachment":[{"href":"https:\/\/fotokreis-siegen.de\/index.php?rest_route=%2Fwp%2Fv2%2Fmedia&parent=1077"}],"wp:term":[{"taxonomy":"category","embeddable":true,"href":"https:\/\/fotokreis-siegen.de\/index.php?rest_route=%2Fwp%2Fv2%2Fcategories&post=1077"},{"taxonomy":"post_tag","embeddable":true,"href":"https:\/\/fotokreis-siegen.de\/index.php?rest_route=%2Fwp%2Fv2%2Ftags&post=1077"}],"curies":[{"name":"wp","href":"https:\/\/api.w.org\/{rel}","templated":true}]}}