{"id":1066,"date":"2019-11-19T18:52:59","date_gmt":"2019-11-19T18:52:59","guid":{"rendered":"http:\/\/fotokreis-siegen.de\/?p=1066"},"modified":"2019-11-19T18:53:01","modified_gmt":"2019-11-19T18:53:01","slug":"bdm-color-vom-15-november","status":"publish","type":"post","link":"https:\/\/fotokreis-siegen.de\/?p=1066","title":{"rendered":"BDM Color vom 15. November"},"content":{"rendered":"\n<div class=\"wp-block-image\"><figure class=\"aligncenter is-resized\"><img fetchpriority=\"high\" decoding=\"async\" src=\"http:\/\/fotokreis-siegen.de\/wp-content\/uploads\/2019\/11\/Moschee-2-1024x683.jpg\" alt=\"\" class=\"wp-image-1061\" width=\"768\" height=\"512\" srcset=\"https:\/\/fotokreis-siegen.de\/wp-content\/uploads\/2019\/11\/Moschee-2-1024x683.jpg 1024w, https:\/\/fotokreis-siegen.de\/wp-content\/uploads\/2019\/11\/Moschee-2-300x200.jpg 300w, https:\/\/fotokreis-siegen.de\/wp-content\/uploads\/2019\/11\/Moschee-2-768x512.jpg 768w, https:\/\/fotokreis-siegen.de\/wp-content\/uploads\/2019\/11\/Moschee-2-1536x1024.jpg 1536w, https:\/\/fotokreis-siegen.de\/wp-content\/uploads\/2019\/11\/Moschee-2-830x553.jpg 830w, https:\/\/fotokreis-siegen.de\/wp-content\/uploads\/2019\/11\/Moschee-2-230x153.jpg 230w, https:\/\/fotokreis-siegen.de\/wp-content\/uploads\/2019\/11\/Moschee-2-350x233.jpg 350w, https:\/\/fotokreis-siegen.de\/wp-content\/uploads\/2019\/11\/Moschee-2-480x320.jpg 480w, https:\/\/fotokreis-siegen.de\/wp-content\/uploads\/2019\/11\/Moschee-2.jpg 1920w\" sizes=\"(max-width: 768px) 100vw, 768px\" \/><figcaption>Hermann Geppert &#8211; Moschee<\/figcaption><\/figure><\/div>\n\n\n\n<p>Mit f\u00fcnfzehn Mitgliedern war der Abend wieder einmal recht gut besucht, und auch mit insgesamt sechs Farbbeitr\u00e4gen gab es einiges sehen. Zuerst gab es aber neue Infos zur Mitgliederausstellung. Zum letzten BDM Color f\u00fcr das Jahr 2019 gaben sich alle teilnehmenden Mitglieder noch einmal viel M\u00fche. Es war wirklich keine leichte Entscheidung an diesem Abend, nicht einmal ein voller Punkt trennte den letzten vom Sieger. Der Sieger des Abends wurde Beitrag von Hermann Geppert mit dem Titel \u201eMoschee\u201c . Herzlichen Gl\u00fcckwunsch!<\/p>\n","protected":false},"excerpt":{"rendered":"<p>Mit f\u00fcnfzehn Mitgliedern war der Abend wieder einmal recht gut besucht, und auch mit insgesamt sechs Farbbeitr\u00e4gen gab es einiges sehen. Zuerst [&hellip;]<\/p>\n","protected":false},"author":2,"featured_media":0,"comment_status":"open","ping_status":"open","sticky":false,"template":"","format":"standard","meta":{"_jetpack_memberships_contains_paid_content":false,"footnotes":""},"categories":[10,3],"tags":[],"class_list":["post-1066","post","type-post","status-publish","format-standard","hentry","category-bdm-color","category-bild-des-monats"],"jetpack_featured_media_url":"","jetpack_sharing_enabled":true,"_links":{"self":[{"href":"https:\/\/fotokreis-siegen.de\/index.php?rest_route=\/wp\/v2\/posts\/1066","targetHints":{"allow":["GET"]}}],"collection":[{"href":"https:\/\/fotokreis-siegen.de\/index.php?rest_route=\/wp\/v2\/posts"}],"about":[{"href":"https:\/\/fotokreis-siegen.de\/index.php?rest_route=\/wp\/v2\/types\/post"}],"author":[{"embeddable":true,"href":"https:\/\/fotokreis-siegen.de\/index.php?rest_route=\/wp\/v2\/users\/2"}],"replies":[{"embeddable":true,"href":"https:\/\/fotokreis-siegen.de\/index.php?rest_route=%2Fwp%2Fv2%2Fcomments&post=1066"}],"version-history":[{"count":3,"href":"https:\/\/fotokreis-siegen.de\/index.php?rest_route=\/wp\/v2\/posts\/1066\/revisions"}],"predecessor-version":[{"id":1069,"href":"https:\/\/fotokreis-siegen.de\/index.php?rest_route=\/wp\/v2\/posts\/1066\/revisions\/1069"}],"wp:attachment":[{"href":"https:\/\/fotokreis-siegen.de\/index.php?rest_route=%2Fwp%2Fv2%2Fmedia&parent=1066"}],"wp:term":[{"taxonomy":"category","embeddable":true,"href":"https:\/\/fotokreis-siegen.de\/index.php?rest_route=%2Fwp%2Fv2%2Fcategories&post=1066"},{"taxonomy":"post_tag","embeddable":true,"href":"https:\/\/fotokreis-siegen.de\/index.php?rest_route=%2Fwp%2Fv2%2Ftags&post=1066"}],"curies":[{"name":"wp","href":"https:\/\/api.w.org\/{rel}","templated":true}]}}